{"id":3565,"date":"2025-02-26T20:11:22","date_gmt":"2025-02-26T19:11:22","guid":{"rendered":"https:\/\/zpmpan.ur.edu.pl\/?p=3565"},"modified":"2025-02-26T20:24:44","modified_gmt":"2025-02-26T19:24:44","slug":"serhii-teleshev-uzdolniony-student-z-ukrainy-studiujacy-pedagogike-medialna","status":"publish","type":"post","link":"https:\/\/zpmpan.ur.edu.pl\/?p=3565","title":{"rendered":"Serhii Teleshev &#8211; uzdolniony student z Ukrainy studiuj\u0105cy pedagogik\u0119 medialn\u0105"},"content":{"rendered":"\t\t<div data-elementor-type=\"wp-post\" data-elementor-id=\"3565\" class=\"elementor elementor-3565\">\n\t\t\t\t\t\t<section class=\"elementor-section elementor-top-section elementor-element elementor-element-d3ead75 elementor-section-boxed elementor-section-height-default elementor-section-height-default\" data-id=\"d3ead75\" data-element_type=\"section\" data-e-type=\"section\">\n\t\t\t\t\t\t<div class=\"elementor-container elementor-column-gap-default\">\n\t\t\t\t\t<div class=\"elementor-column elementor-col-100 elementor-top-column elementor-element elementor-element-24d5b90\" data-id=\"24d5b90\" data-element_type=\"column\" data-e-type=\"column\">\n\t\t\t<div class=\"elementor-widget-wrap elementor-element-populated\">\n\t\t\t\t\t\t<div class=\"elementor-element elementor-element-cff2746 elementor-widget elementor-widget-text-editor\" data-id=\"cff2746\" data-element_type=\"widget\" data-e-type=\"widget\" data-widget_type=\"text-editor.default\">\n\t\t\t\t<div class=\"elementor-widget-container\">\n\t\t\t\t\t\t\t\t\t<p>W\u0142a\u015bnie mija trzecia rocznicy inwazji Rosji na Ukrain\u0119. Od 24 lutego 2022 roku trwa okrutna wojna, kt\u00f3r\u0105 rozpocz\u0119\u0142a Rosja. Cz\u0119\u015b\u0107 ludno\u015bci zaatakowanego pa\u0144stwa zdecydowa\u0142a si\u0119 na ucieczk\u0119 i szukanie pomocy w Polsce. Jako spo\u0142eczno\u015b\u0107 akademicka, nie byli\u015bmy oboj\u0119tni wobec ofiar wojny. Zar\u00f3wno pracownicy, jak i studenci bardzo szybko ruszyli\u015bmy z pomoc\u0105 humanitarn\u0105\u2026<\/p><p>W Instytucie Pedagogiki od 1 pa\u017adziernika 2024 roku studiuje wyj\u0105tkowo uzdolniony ch\u0142opak pochodz\u0105cy z Ukrainy &#8211; Serhii Teleshev. Od dziesi\u0105tego roku \u017cycia uczy\u0142 si\u0119 j\u0119zyka polskiego, a nast\u0119pnie uko\u0144czy\u0142 Szko\u0142\u0119 Polsk\u0105 przy Ambasadzie RP w Kijowie. Jego pasja to pisanie wierszy, komponowanie muzyki, dziennikarstwo, malarstwo a nawet re\u017cyseria d\u017awi\u0119ku.<\/p><p>Serhii pozna\u0142am na zaj\u0119ciach z technologii informacyjnych, trafi\u0142 do mojej grupy \u0107wiczeniowej. Od samego pocz\u0105tku urzek\u0142 mnie swoj\u0105 wysok\u0105 kultur\u0105 osobist\u0105 i ogromnym zainteresowaniem tym co robi\u0142am podczas zaj\u0119\u0107 ze studentami. Bardzo si\u0119 wzruszy\u0142am po przeczytanie jednego z jego wierszy:<\/p>\t\t\t\t\t\t\t\t<\/div>\n\t\t\t\t<\/div>\n\t\t\t\t\t<\/div>\n\t\t<\/div>\n\t\t\t\t\t<\/div>\n\t\t<\/section>\n\t\t\t\t<section class=\"elementor-section elementor-top-section elementor-element elementor-element-65ee84d elementor-section-boxed elementor-section-height-default elementor-section-height-default\" data-id=\"65ee84d\" data-element_type=\"section\" data-e-type=\"section\">\n\t\t\t\t\t\t<div class=\"elementor-container elementor-column-gap-default\">\n\t\t\t\t\t<div class=\"elementor-column elementor-col-100 elementor-top-column elementor-element elementor-element-477e616\" data-id=\"477e616\" data-element_type=\"column\" data-e-type=\"column\">\n\t\t\t<div class=\"elementor-widget-wrap elementor-element-populated\">\n\t\t\t\t\t\t<div class=\"elementor-element elementor-element-8bdb590 elementor-widget elementor-widget-text-editor\" data-id=\"8bdb590\" data-element_type=\"widget\" data-e-type=\"widget\" data-widget_type=\"text-editor.default\">\n\t\t\t\t<div class=\"elementor-widget-container\">\n\t\t\t\t\t\t\t\t\t<p><em>JA <\/em><\/p><p><em>DZIECKO WOJNY PISZ\u0118 ZE SCHRONU<br \/>LIST DO WAS SMUTNY,<br \/>ALE PRAWDZIWY<br \/>NIE M\u00d3WICIE MI,<br \/>\u017bE B\u0118DZIE LEPIEJ<br \/>TO JEST LIST Z WOJNY<br \/>INNEGO NIE B\u0118DZIE.<\/em><\/p><p>Na szcz\u0119\u015bcie Serhii napisa\u0142 kolejne wiersze w j\u0119zyku ukrai\u0144skim (ponad 200), w j\u0119zyku polski (oko\u0142o 50) i 20 w j\u0119zyku angielskim.<\/p><p>NIE JESTE\u015a ZWYK\u0141YM<br \/>NIEZWYKLE JESTE\u015a INNYM<br \/>MASZ W DUSZY CO\u015a<br \/>CZEGO NIKT NA \u015aWIECIE NIE MA<br \/>TW\u00d3J G\u0141OS JEST OCEANEM<br \/>TW\u00d3J \u015aMIECH JEST MORSK\u0104 BRYZ\u0104<br \/>W TWOICH OCZACH P\u0141ACZ\u0104 DZIECI<br \/>NIE MO\u017bESZ BY\u0106<br \/>ZWYK\u0141YM<br \/>CZ\u0141OWIEKIEM.<\/p>\t\t\t\t\t\t\t\t<\/div>\n\t\t\t\t<\/div>\n\t\t\t\t\t<\/div>\n\t\t<\/div>\n\t\t\t\t\t<\/div>\n\t\t<\/section>\n\t\t\t\t<section class=\"elementor-section elementor-top-section elementor-element elementor-element-a90927d elementor-section-boxed elementor-section-height-default elementor-section-height-default\" data-id=\"a90927d\" data-element_type=\"section\" data-e-type=\"section\">\n\t\t\t\t\t\t<div class=\"elementor-container elementor-column-gap-default\">\n\t\t\t\t\t<div class=\"elementor-column elementor-col-100 elementor-top-column elementor-element elementor-element-a3c0455\" data-id=\"a3c0455\" data-element_type=\"column\" data-e-type=\"column\">\n\t\t\t<div class=\"elementor-widget-wrap elementor-element-populated\">\n\t\t\t\t\t\t<div class=\"elementor-element elementor-element-fccb287 elementor-widget elementor-widget-text-editor\" data-id=\"fccb287\" data-element_type=\"widget\" data-e-type=\"widget\" data-widget_type=\"text-editor.default\">\n\t\t\t\t<div class=\"elementor-widget-container\">\n\t\t\t\t\t\t\t\t\t<p>Serhii nagra\u0142 r\u00f3wnie\u017c sw\u00f3j film, kt\u00f3ry sam wyre\u017cyserowa\u0142, na kt\u00f3rym odczytuje wiersz <em>Redut\u0119 Ordona <\/em>Adama Mickiewicza, podk\u0142ad muzyczny to Jego w\u0142asna kompozycja. Zapraszam do obejrzenia i wys\u0142uchania, przepi\u0119kne i emocjonalne\u2026 Link <a href=\"https:\/\/www.youtube.com\/watch?v=gcelowjb3lc\">tutaj<\/a><\/p><p>\u00a0<\/p><p><em>Tekst: dr hab. Marta Wro\u0144ska, prof.UR<\/em><\/p>\t\t\t\t\t\t\t\t<\/div>\n\t\t\t\t<\/div>\n\t\t\t\t\t<\/div>\n\t\t<\/div>\n\t\t\t\t\t<\/div>\n\t\t<\/section>\n\t\t\t\t<\/div>\n\t\t","protected":false},"excerpt":{"rendered":"<p>W\u0142a\u015bnie mija trzecia rocznicy inwazji Rosji na Ukrain\u0119. Od 24 lutego 2022 roku trwa okrutna wojna, kt\u00f3r\u0105 rozpocz\u0119\u0142a Rosja. Cz\u0119\u015b\u0107 ludno\u015bci zaatakowanego pa\u0144stwa zdecydowa\u0142a si\u0119 na ucieczk\u0119 i szukanie pomocy w Polsce. Jako spo\u0142eczno\u015b\u0107 akademicka, nie byli\u015bmy oboj\u0119tni wobec ofiar wojny. Zar\u00f3wno pracownicy, jak i studenci bardzo szybko ruszyli\u015bmy z pomoc\u0105 humanitarn\u0105\u2026 W Instytucie Pedagogiki [&hellip;]<\/p>\n","protected":false},"author":1,"featured_media":0,"comment_status":"closed","ping_status":"closed","sticky":false,"template":"","format":"standard","meta":{"ocean_post_layout":"","ocean_both_sidebars_style":"","ocean_both_sidebars_content_width":0,"ocean_both_sidebars_sidebars_width":0,"ocean_sidebar":"0","ocean_second_sidebar":"0","ocean_disable_margins":"enable","ocean_add_body_class":"","ocean_shortcode_before_top_bar":"","ocean_shortcode_after_top_bar":"","ocean_shortcode_before_header":"","ocean_shortcode_after_header":"","ocean_has_shortcode":"","ocean_shortcode_after_title":"","ocean_shortcode_before_footer_widgets":"","ocean_shortcode_after_footer_widgets":"","ocean_shortcode_before_footer_bottom":"","ocean_shortcode_after_footer_bottom":"","ocean_display_top_bar":"off","ocean_display_header":"default","ocean_header_style":"","ocean_center_header_left_menu":"0","ocean_custom_header_template":"0","ocean_custom_logo":0,"ocean_custom_retina_logo":0,"ocean_custom_logo_max_width":0,"ocean_custom_logo_tablet_max_width":0,"ocean_custom_logo_mobile_max_width":0,"ocean_custom_logo_max_height":0,"ocean_custom_logo_tablet_max_height":0,"ocean_custom_logo_mobile_max_height":0,"ocean_header_custom_menu":"0","ocean_menu_typo_font_family":"0","ocean_menu_typo_font_subset":"","ocean_menu_typo_font_size":0,"ocean_menu_typo_font_size_tablet":0,"ocean_menu_typo_font_size_mobile":0,"ocean_menu_typo_font_size_unit":"px","ocean_menu_typo_font_weight":"","ocean_menu_typo_font_weight_tablet":"","ocean_menu_typo_font_weight_mobile":"","ocean_menu_typo_transform":"","ocean_menu_typo_transform_tablet":"","ocean_menu_typo_transform_mobile":"","ocean_menu_typo_line_height":0,"ocean_menu_typo_line_height_tablet":0,"ocean_menu_typo_line_height_mobile":0,"ocean_menu_typo_line_height_unit":"","ocean_menu_typo_spacing":0,"ocean_menu_typo_spacing_tablet":0,"ocean_menu_typo_spacing_mobile":0,"ocean_menu_typo_spacing_unit":"","ocean_menu_link_color":"","ocean_menu_link_color_hover":"","ocean_menu_link_color_active":"","ocean_menu_link_background":"","ocean_menu_link_hover_background":"","ocean_menu_link_active_background":"","ocean_menu_social_links_bg":"","ocean_menu_social_hover_links_bg":"","ocean_menu_social_links_color":"","ocean_menu_social_hover_links_color":"","ocean_disable_title":"on","ocean_disable_heading":"default","ocean_post_title":"","ocean_post_subheading":"","ocean_post_title_style":"","ocean_post_title_background_color":"","ocean_post_title_background":0,"ocean_post_title_bg_image_position":"","ocean_post_title_bg_image_attachment":"","ocean_post_title_bg_image_repeat":"","ocean_post_title_bg_image_size":"","ocean_post_title_height":0,"ocean_post_title_bg_overlay":0.5,"ocean_post_title_bg_overlay_color":"","ocean_disable_breadcrumbs":"default","ocean_breadcrumbs_color":"","ocean_breadcrumbs_separator_color":"","ocean_breadcrumbs_links_color":"","ocean_breadcrumbs_links_hover_color":"","ocean_display_footer_widgets":"default","ocean_display_footer_bottom":"default","ocean_custom_footer_template":"0","ocean_post_oembed":"","ocean_post_self_hosted_media":"","ocean_post_video_embed":"","ocean_link_format":"","ocean_link_format_target":"self","ocean_quote_format":"","ocean_quote_format_link":"post","ocean_gallery_link_images":"on","ocean_gallery_id":[],"footnotes":""},"categories":[6],"tags":[],"class_list":["post-3565","post","type-post","status-publish","format-standard","hentry","category-aktualnosci","entry"],"_links":{"self":[{"href":"https:\/\/zpmpan.ur.edu.pl\/index.php?rest_route=\/wp\/v2\/posts\/3565","targetHints":{"allow":["GET"]}}],"collection":[{"href":"https:\/\/zpmpan.ur.edu.pl\/index.php?rest_route=\/wp\/v2\/posts"}],"about":[{"href":"https:\/\/zpmpan.ur.edu.pl\/index.php?rest_route=\/wp\/v2\/types\/post"}],"author":[{"embeddable":true,"href":"https:\/\/zpmpan.ur.edu.pl\/index.php?rest_route=\/wp\/v2\/users\/1"}],"replies":[{"embeddable":true,"href":"https:\/\/zpmpan.ur.edu.pl\/index.php?rest_route=%2Fwp%2Fv2%2Fcomments&post=3565"}],"version-history":[{"count":7,"href":"https:\/\/zpmpan.ur.edu.pl\/index.php?rest_route=\/wp\/v2\/posts\/3565\/revisions"}],"predecessor-version":[{"id":3579,"href":"https:\/\/zpmpan.ur.edu.pl\/index.php?rest_route=\/wp\/v2\/posts\/3565\/revisions\/3579"}],"wp:attachment":[{"href":"https:\/\/zpmpan.ur.edu.pl\/index.php?rest_route=%2Fwp%2Fv2%2Fmedia&parent=3565"}],"wp:term":[{"taxonomy":"category","embeddable":true,"href":"https:\/\/zpmpan.ur.edu.pl\/index.php?rest_route=%2Fwp%2Fv2%2Fcategories&post=3565"},{"taxonomy":"post_tag","embeddable":true,"href":"https:\/\/zpmpan.ur.edu.pl\/index.php?rest_route=%2Fwp%2Fv2%2Ftags&post=3565"}],"curies":[{"name":"wp","href":"https:\/\/api.w.org\/{rel}","templated":true}]}}